{"id":421,"date":"2024-07-19T12:35:16","date_gmt":"2024-07-19T12:35:16","guid":{"rendered":"https:\/\/motion.com.ar\/news\/15-fashionable-womens-wide-width-shoes-for-problem-feet\/"},"modified":"2024-07-19T17:18:54","modified_gmt":"2024-07-19T17:18:54","slug":"taller-mi-primer-track-del-programa-electronica-bonaerense","status":"publish","type":"post","link":"https:\/\/motion.com.ar\/news\/taller-mi-primer-track-del-programa-electronica-bonaerense\/","title":{"rendered":"Taller \u00abMi Primer Track\u00bb del programa Electr\u00f3nica Bonaerense"},"content":{"rendered":"<h3>Se trata de una capacitaci\u00f3n que brinda el programa del Instituto Cultural de la Provincia de Buenos Aires para fomentar y formar a DJ&#8217;s y productores de m\u00fasica electr\u00f3nica.<\/h3>\n<p>El<strong>\u00a0Instituto Cultural de la Provincia de Buenos Aires\u00a0<\/strong>contin\u00faa con la propuesta\u00a0<strong>\u201cMi Primer Track\u00bb,<\/strong>\u00a0la capacitaci\u00f3n para productores y productoras emergentes de m\u00fasica electr\u00f3nica.<\/p>\n<p>En este caso visitar\u00e1\u00a0<strong>Lomas de Zamora<\/strong>\u00a0los d\u00edas lunes 22 y martes 23 de julio en el Centro Cultural Darregueira (Darregueira 275, esquina Hip\u00f3lito Yrigoyen) desde las 18:00 hasta las 22:00.<\/p>\n<p>La actividad es abierta y gratuita, s\u00f3lo es necesario inscribirse de manera online a trav\u00e9s de este\u00a0<a href=\"https:\/\/docs.google.com\/forms\/d\/1xt92bAcY3D-PpcltxYDJUF8SkqptUybJvKZmlX5-0mk\" target=\"_blank\" rel=\"noopener noreferrer\">enlace de inscripci\u00f3n<\/a>. Durante las clases se entregar\u00e1n manuales sobre producci\u00f3n musical para que los asistentes tengan a disposici\u00f3n una vez que terminen el taller.<\/p>\n<p>La m\u00fasica electr\u00f3nica es una expresi\u00f3n art\u00edstica que muestra cada d\u00eda m\u00e1s su crecimiento, su convocatoria y su impacto cultural en miles de bonaerenses.\u00a0<strong>Electr\u00f3nica Bonaerense<\/strong>\u00a0es un programa del\u00a0<strong>Instituto Cultural del Gobierno de la Provincia de Buenos Aires<\/strong>, que tiene el objetivo de impulsar y transmitir saberes a nuevos productores de m\u00fasica electr\u00f3nica de nuestra provincia.<\/p>\n<p>\u201cDesde este espacio se busca promover su expansi\u00f3n y se busca potenciar su desarrollo para que la cultura de nuestra provincia contin\u00fae mostrando su diversidad de g\u00e9neros y de creatividad\u201d, destacaron desde la cartera cultural bonaerense que conduce\u00a0<strong>Florencia Saintout<\/strong>.<\/p>\n<p>\u00abMi Primer Track\u00bb es la primera instancia del programa, destinada a promover la composici\u00f3n y producci\u00f3n de m\u00fasica electr\u00f3nica, generar herramientas para la escucha consciente y anal\u00edtica de piezas de m\u00fasica electr\u00f3nica, proveer recursos para su composici\u00f3n y ejecuci\u00f3n; y\u00a0 as\u00ed brindar conocimientos relacionados con la experiencia laboral en el sector.<\/p>\n<p>Los ejes del programa abarcaran la composici\u00f3n y producci\u00f3n de m\u00fasica electr\u00f3nica, una aproximaci\u00f3n a la interpretaci\u00f3n musical desde el rol de DJ, la promoci\u00f3n de material in\u00e9dito de productores y la creaci\u00f3n de un espacio provincial de intercambio entre agentes del sector.<\/p>\n<p>&nbsp;<\/p>\n","protected":false},"excerpt":{"rendered":"<p>Here are four key pieces of picture-taking advice to use for your next trip.<\/p>\n","protected":false},"author":1,"featured_media":0,"comment_status":"closed","ping_status":"closed","sticky":false,"template":"","format":"standard","meta":{"_jetpack_memberships_contains_paid_content":false,"footnotes":""},"categories":[67,65],"tags":[107,108,106],"class_list":["post-421","post","type-post","status-publish","format-standard","hentry","category-novedades","category-tecnologia","tag-buenos-aires","tag-gratis","tag-taller-de-dj"],"jetpack_featured_media_url":"","jetpack_sharing_enabled":true,"_links":{"self":[{"href":"https:\/\/motion.com.ar\/news\/wp-json\/wp\/v2\/posts\/421","targetHints":{"allow":["GET"]}}],"collection":[{"href":"https:\/\/motion.com.ar\/news\/wp-json\/wp\/v2\/posts"}],"about":[{"href":"https:\/\/motion.com.ar\/news\/wp-json\/wp\/v2\/types\/post"}],"author":[{"embeddable":true,"href":"https:\/\/motion.com.ar\/news\/wp-json\/wp\/v2\/users\/1"}],"replies":[{"embeddable":true,"href":"https:\/\/motion.com.ar\/news\/wp-json\/wp\/v2\/comments?post=421"}],"version-history":[{"count":3,"href":"https:\/\/motion.com.ar\/news\/wp-json\/wp\/v2\/posts\/421\/revisions"}],"predecessor-version":[{"id":619,"href":"https:\/\/motion.com.ar\/news\/wp-json\/wp\/v2\/posts\/421\/revisions\/619"}],"wp:attachment":[{"href":"https:\/\/motion.com.ar\/news\/wp-json\/wp\/v2\/media?parent=421"}],"wp:term":[{"taxonomy":"category","embeddable":true,"href":"https:\/\/motion.com.ar\/news\/wp-json\/wp\/v2\/categories?post=421"},{"taxonomy":"post_tag","embeddable":true,"href":"https:\/\/motion.com.ar\/news\/wp-json\/wp\/v2\/tags?post=421"}],"curies":[{"name":"wp","href":"https:\/\/api.w.org\/{rel}","templated":true}]}}