{"id":1783,"date":"2026-05-01T04:41:54","date_gmt":"2026-05-01T04:41:54","guid":{"rendered":"https:\/\/motion.com.ar\/news\/?p=1783"},"modified":"2026-05-01T04:41:54","modified_gmt":"2026-05-01T04:41:54","slug":"allanamientos-en-la-actc-y-equipos-del-automovilismo-en-causa-por-evasion-millonaria","status":"publish","type":"post","link":"https:\/\/motion.com.ar\/news\/allanamientos-en-la-actc-y-equipos-del-automovilismo-en-causa-por-evasion-millonaria\/","title":{"rendered":"ALLANAMIENTOS EN LA ACTC Y EQUIPOS DEL AUTOMOVILISMO EN CAUSA POR EVASI\u00d3N MILLONARIA"},"content":{"rendered":"<div dir=\"auto\">En el marco de una investigaci\u00f3n penal en curso, el Juzgado Criminal y Correccional Federal N.\u00ba 6, a cargo del Dr. Daniel Rafecas, orden\u00f3 una serie de allanamientos en sedes institucionales y talleres vinculados al automovilismo nacional.<\/div>\n<div dir=\"auto\">La causa se da en paralelo a otro expediente de alto impacto judicial en el que integrantes de la familia Mazzacane \u2014hist\u00f3ricamente ligados a la conducci\u00f3n del Turismo Carretera\u2014 ya fueron procesados por presunta evasi\u00f3n tributaria e insolvencia fiscal fraudulenta mediante un entramado de empresas. Seg\u00fan la investigaci\u00f3n, las maniobras habr\u00edan permitido evadir cerca de $4.000 millones, a trav\u00e9s de facturaci\u00f3n ap\u00f3crifa, contabilidad paralela y desv\u00edo de activos.<\/div>\n<div dir=\"auto\"><img loading=\"lazy\" decoding=\"async\" class=\"alignnone size-full wp-image-1784\" src=\"https:\/\/motion.com.ar\/news\/wp-content\/uploads\/2026\/05\/IMG-20260430-WA0029.jpg\" alt=\"\" width=\"959\" height=\"908\" \/><\/div>\n<div dir=\"auto\">De acuerdo a fuentes judiciales, la investigaci\u00f3n actual no se limita \u00fanicamente a las entidades ACTC y ACPAC, sino que tambi\u00e9n busca determinar responsabilidades individuales de figuras centrales del automovilismo en relaci\u00f3n con los delitos investigados.<\/div>\n<div dir=\"auto\">En este contexto, se confirm\u00f3 la denuncia contra Hugo H\u00e9ctor Mazzacane, Gast\u00f3n Hugo Mazzacane, Alejandro Luis Reggi, Javier Alejandro Ciabattari y Roberto Horacio Valle.<\/div>\n<div dir=\"auto\">Los procedimientos fueron realizados por personal de la Divisi\u00f3n Delitos Fiscales de la Polic\u00eda Federal Argentina (PFA), bajo directivas del magistrado interviniente, e incluyeron \u00f3rdenes de registro, secuestro de documentaci\u00f3n y relevamiento de pruebas digitales.<\/div>\n<div dir=\"auto\"><img loading=\"lazy\" decoding=\"async\" class=\"alignnone size-full wp-image-1785\" src=\"https:\/\/motion.com.ar\/news\/wp-content\/uploads\/2026\/05\/IMG-20260430-WA0030.jpg\" alt=\"\" width=\"1199\" height=\"1139\" \/><\/div>\n<div dir=\"auto\">Durante los operativos se incautaron archivos f\u00edsicos y digitales, en el marco de una investigaci\u00f3n que apunta a reconstruir circuitos econ\u00f3micos, v\u00ednculos societarios y posibles maniobras irregulares dentro del sector.<\/div>\n<div dir=\"auto\">Los allanamientos se llevaron a cabo en:<\/div>\n<div dir=\"auto\">Sedes institucionales: Asociaci\u00f3n Corredores de Turismo Carretera (Bogot\u00e1 166, CABA) y ACPAC.<\/div>\n<div dir=\"auto\">Talleres de competici\u00f3n, entre ellos:<\/div>\n<div dir=\"auto\">Ambrogio Racing (Malague\u00f1o, C\u00f3rdoba)<\/div>\n<div dir=\"auto\">Aimar Motorsport (General Baldissera, C\u00f3rdoba)<\/div>\n<div dir=\"auto\">Catal\u00e1n Magni Motorsport (Arrecifes, Buenos Aires)<\/div>\n<div dir=\"auto\">Coiro Competici\u00f3n (Ramos Mej\u00eda, Buenos Aires)<\/div>\n<div dir=\"auto\">JM Motorsport (CABA)<\/div>\n<div dir=\"auto\">RV Racing (Mar del Plata, Buenos Aires)<\/div>\n<div dir=\"auto\">CMG Racing (Gualeguaych\u00fa, Entre R\u00edos)<\/div>\n<div dir=\"auto\">Cristian Dose Competici\u00f3n (Esteban Echeverr\u00eda, Buenos Aires)<\/div>\n<div dir=\"auto\">La investigaci\u00f3n contin\u00faa en curso y no se descartan nuevas medidas ni ampliaciones de imputaciones en funci\u00f3n del material secuestrado.<\/div>\n<div dir=\"auto\"><img loading=\"lazy\" decoding=\"async\" class=\"alignnone size-full wp-image-1786\" src=\"https:\/\/motion.com.ar\/news\/wp-content\/uploads\/2026\/05\/IMG-20260430-WA0031.jpg\" alt=\"\" width=\"960\" height=\"1280\" \/><\/div>\n","protected":false},"excerpt":{"rendered":"<p>En el marco de una investigaci\u00f3n penal en curso, el Juzgado Criminal y Correccional Federal N.\u00ba 6, a cargo del Dr. Daniel Rafecas, orden\u00f3 una serie de allanamientos en sedes institucionales y talleres vinculados al automovilismo nacional. La causa se da en paralelo a otro expediente de alto impacto judicial en el que integrantes de [&hellip;]<\/p>\n","protected":false},"author":3,"featured_media":1784,"comment_status":"closed","ping_status":"closed","sticky":false,"template":"","format":"standard","meta":{"_jetpack_memberships_contains_paid_content":false,"footnotes":""},"categories":[1,67],"tags":[928,905,929],"class_list":["post-1783","post","type-post","status-publish","format-standard","has-post-thumbnail","hentry","category-blog","category-novedades","tag-actc","tag-automovilismo","tag-policial"],"jetpack_featured_media_url":"https:\/\/motion.com.ar\/news\/wp-content\/uploads\/2026\/05\/IMG-20260430-WA0029.jpg","jetpack_sharing_enabled":true,"_links":{"self":[{"href":"https:\/\/motion.com.ar\/news\/wp-json\/wp\/v2\/posts\/1783","targetHints":{"allow":["GET"]}}],"collection":[{"href":"https:\/\/motion.com.ar\/news\/wp-json\/wp\/v2\/posts"}],"about":[{"href":"https:\/\/motion.com.ar\/news\/wp-json\/wp\/v2\/types\/post"}],"author":[{"embeddable":true,"href":"https:\/\/motion.com.ar\/news\/wp-json\/wp\/v2\/users\/3"}],"replies":[{"embeddable":true,"href":"https:\/\/motion.com.ar\/news\/wp-json\/wp\/v2\/comments?post=1783"}],"version-history":[{"count":1,"href":"https:\/\/motion.com.ar\/news\/wp-json\/wp\/v2\/posts\/1783\/revisions"}],"predecessor-version":[{"id":1787,"href":"https:\/\/motion.com.ar\/news\/wp-json\/wp\/v2\/posts\/1783\/revisions\/1787"}],"wp:featuredmedia":[{"embeddable":true,"href":"https:\/\/motion.com.ar\/news\/wp-json\/wp\/v2\/media\/1784"}],"wp:attachment":[{"href":"https:\/\/motion.com.ar\/news\/wp-json\/wp\/v2\/media?parent=1783"}],"wp:term":[{"taxonomy":"category","embeddable":true,"href":"https:\/\/motion.com.ar\/news\/wp-json\/wp\/v2\/categories?post=1783"},{"taxonomy":"post_tag","embeddable":true,"href":"https:\/\/motion.com.ar\/news\/wp-json\/wp\/v2\/tags?post=1783"}],"curies":[{"name":"wp","href":"https:\/\/api.w.org\/{rel}","templated":true}]}}