{"id":1768,"date":"2026-04-28T00:08:12","date_gmt":"2026-04-28T00:08:12","guid":{"rendered":"https:\/\/motion.com.ar\/news\/?p=1768"},"modified":"2026-04-28T00:08:12","modified_gmt":"2026-04-28T00:08:12","slug":"la-musica-electronica-rompe-records","status":"publish","type":"post","link":"https:\/\/motion.com.ar\/news\/la-musica-electronica-rompe-records\/","title":{"rendered":"La m\u00fasica electr\u00f3nica rompe r\u00e9cords"},"content":{"rendered":"<p>Seg\u00fan el\u00a0<strong><em>Informe de Negocios de M\u00fasica Electr\u00f3nica 2025\/26<\/em><\/strong>\u00a0de la\u00a0<strong>International Music Summit (IMS)<\/strong>\u00a0presentado en\u00a0<strong>Ibiza,<\/strong>\u00a0el sector ha alcanzado un valor de mercado global de\u00a0<strong>15.100 millones de d\u00f3lares<\/strong>. Asi se consolida como uno de los pilares econ\u00f3micos m\u00e1s robustos del\u00a0<strong>entretenimiento mundial.<\/strong><\/p>\n<p><img loading=\"lazy\" decoding=\"async\" class=\"alignnone size-full wp-image-1769\" src=\"https:\/\/motion.com.ar\/news\/wp-content\/uploads\/2026\/04\/1900x1900-000000-80-0-0-1.jpg\" alt=\"\" width=\"1200\" height=\"1200\" \/><\/p>\n<p>El \u00faltimo informe del\u00a0<strong>IMS<\/strong>\u00a0revela un crecimiento hist\u00f3rico del sector. Impulsado por el auge del\u00a0<strong>tech house,<\/strong>\u00a0el fen\u00f3meno del\u00a0<strong>afro house<\/strong>\u00a0y una base global de suscriptores digitales que ya roza los\u00a0<strong>1.000 millones.<\/strong><\/p>\n<p>Uno de los datos m\u00e1s reveladores del informe es el liderazgo indiscutible de\u00a0<strong>Alemania<\/strong>. El pa\u00eds germano se mantiene como el mayor mercado mundial de m\u00fasica electr\u00f3nica en plataformas de streaming. Registrando un\u00a0<strong>incremento del 11% en su n\u00famero de oyentes<\/strong>\u00a0respecto al ejercicio anterior.<\/p>\n<p><img loading=\"lazy\" decoding=\"async\" class=\"alignnone size-full wp-image-1771\" src=\"https:\/\/motion.com.ar\/news\/wp-content\/uploads\/2026\/04\/c047578a581283ef12b6f14268fc905a1fad5a7e-1200x630-1.jpg\" alt=\"\" width=\"1200\" height=\"630\" \/><\/p>\n<p>El crecimiento de la electr\u00f3nica se enmarca en un a\u00f1o excepcionalmente s\u00f3lido para la m\u00fasica en general:<\/p>\n<p><strong>M\u00fasica grabada:<\/strong>\u00a0Los ingresos subieron un 9%.<\/p>\n<p><strong>Editoriales:<\/strong>\u00a0El sector editorial creci\u00f3 un 11%.<\/p>\n<p><strong>Suscriptores de pago:<\/strong>\u00a0Las plataformas de streaming han alcanzado la cifra r\u00e9cord de\u00a0<strong>919 millones de usuarios<\/strong>, un indicador de la salud del consumo digital.<\/p>\n<p>En cuanto a las tendencias musicales, el informe destaca un claro ganador comercial: el\u00a0<strong>tech house<\/strong>, que sigue reinando en las listas de ventas de<strong>\u00a0Beatport.<\/strong>\u00a0Sin embargo, el crecimiento m\u00e1s explosivo lo protagoniza el\u00a0<strong>afro house<\/strong>, que ha experimentado un ascenso mete\u00f3rico tanto en clubes como en plataformas de producci\u00f3n tipo Splice.<\/p>\n<p><img loading=\"lazy\" decoding=\"async\" class=\"alignnone size-full wp-image-1772\" src=\"https:\/\/motion.com.ar\/news\/wp-content\/uploads\/2026\/04\/hand-1850120_1280.jpg\" alt=\"\" width=\"1280\" height=\"853\" \/><\/p>\n<p>La\u00a0<strong>electr\u00f3nica<\/strong>\u00a0no solo se escucha, se comparte. La presencia del g\u00e9nero en redes sociales ha alcanzado nuevas cotas, especialmente en\u00a0<strong>TikTok y SoundCloud<\/strong>, donde el contenido y los hashtags relacionados han crecido significativamente, conectando a una nueva generaci\u00f3n de fans con el ritmo de los sintetizadores.<\/p>\n<p>Escucha nuestra programacion ELECTRO POP las 24 hs nonstop aqui en motion.com.ar<\/p>\n","protected":false},"excerpt":{"rendered":"<p>Seg\u00fan el\u00a0Informe de Negocios de M\u00fasica Electr\u00f3nica 2025\/26\u00a0de la\u00a0International Music Summit (IMS)\u00a0presentado en\u00a0Ibiza,\u00a0el sector ha alcanzado un valor de mercado global de\u00a015.100 millones de d\u00f3lares. Asi se consolida como uno de los pilares econ\u00f3micos m\u00e1s robustos del\u00a0entretenimiento mundial. El \u00faltimo informe del\u00a0IMS\u00a0revela un crecimiento hist\u00f3rico del sector. Impulsado por el auge del\u00a0tech house,\u00a0el fen\u00f3meno del\u00a0afro [&hellip;]<\/p>\n","protected":false},"author":3,"featured_media":1772,"comment_status":"closed","ping_status":"closed","sticky":false,"template":"","format":"standard","meta":{"_jetpack_memberships_contains_paid_content":false,"footnotes":""},"categories":[67],"tags":[922,920,921,192,225,212,221],"class_list":["post-1768","post","type-post","status-publish","format-standard","has-post-thumbnail","hentry","category-novedades","tag-consumo","tag-deejay","tag-record","tag-dj","tag-electro","tag-electronica","tag-pop"],"jetpack_featured_media_url":"https:\/\/motion.com.ar\/news\/wp-content\/uploads\/2026\/04\/hand-1850120_1280.jpg","jetpack_sharing_enabled":true,"_links":{"self":[{"href":"https:\/\/motion.com.ar\/news\/wp-json\/wp\/v2\/posts\/1768","targetHints":{"allow":["GET"]}}],"collection":[{"href":"https:\/\/motion.com.ar\/news\/wp-json\/wp\/v2\/posts"}],"about":[{"href":"https:\/\/motion.com.ar\/news\/wp-json\/wp\/v2\/types\/post"}],"author":[{"embeddable":true,"href":"https:\/\/motion.com.ar\/news\/wp-json\/wp\/v2\/users\/3"}],"replies":[{"embeddable":true,"href":"https:\/\/motion.com.ar\/news\/wp-json\/wp\/v2\/comments?post=1768"}],"version-history":[{"count":1,"href":"https:\/\/motion.com.ar\/news\/wp-json\/wp\/v2\/posts\/1768\/revisions"}],"predecessor-version":[{"id":1773,"href":"https:\/\/motion.com.ar\/news\/wp-json\/wp\/v2\/posts\/1768\/revisions\/1773"}],"wp:featuredmedia":[{"embeddable":true,"href":"https:\/\/motion.com.ar\/news\/wp-json\/wp\/v2\/media\/1772"}],"wp:attachment":[{"href":"https:\/\/motion.com.ar\/news\/wp-json\/wp\/v2\/media?parent=1768"}],"wp:term":[{"taxonomy":"category","embeddable":true,"href":"https:\/\/motion.com.ar\/news\/wp-json\/wp\/v2\/categories?post=1768"},{"taxonomy":"post_tag","embeddable":true,"href":"https:\/\/motion.com.ar\/news\/wp-json\/wp\/v2\/tags?post=1768"}],"curies":[{"name":"wp","href":"https:\/\/api.w.org\/{rel}","templated":true}]}}