{"id":1584,"date":"2025-12-22T01:46:27","date_gmt":"2025-12-22T01:46:27","guid":{"rendered":"https:\/\/motion.com.ar\/news\/?p=1584"},"modified":"2025-12-22T01:46:27","modified_gmt":"2025-12-22T01:46:27","slug":"francia-incluye-a-la-musica-electronica-en-su-patrimonio-cultural","status":"publish","type":"post","link":"https:\/\/motion.com.ar\/news\/francia-incluye-a-la-musica-electronica-en-su-patrimonio-cultural\/","title":{"rendered":"Francia incluye a la musica electronica en su patrimonio cultural"},"content":{"rendered":"<p class=\"c-article-summary\">La m\u00fasica electr\u00f3nica entra en la lista francesa de patrimonio cultural inmaterial, primer paso hacia integrar la French Touch en el patrimonio cultural.<\/p>\n<p class=\"c-article-summary\">Tras\u00a0<strong>la inclusi\u00f3n del techno de Berl\u00edn en 2023 en la lista alemana de patrimonio inmaterial<\/strong>, la m\u00fasica electr\u00f3nica ha entrado por fin en el Inventario del Patrimonio Cultural Inmaterial de Francia. Supone el primer paso hacia el reconocimiento como patrimonio de la UNESCO.<\/p>\n<p>La lista de patrimonio cultural inmaterial permite a los Estados firmantes de la Convenci\u00f3n de la UNESCO inscribir \u00abpr\u00e1cticas, representaciones, expresiones, conocimientos y t\u00e9cnicas que las comunidades reconocen como parte de su patrimonio cultural\u00bb, es decir, desde la m\u00fasica y la artesan\u00eda hasta los saberes culinarios, los juegos tradicionales y los deportes.<\/p>\n<p>\u00abLa musica electronica tiene su lugar leg\u00edtimo en nuestro patrimonio inmaterial nacional\u00bb, dijo el mi\u00e9rcoles la ministra de Cultura francesa Rachida Dati, confirmando este primer paso. Recientemente, el ministerio cre\u00f3 un sello para los clubes como lugares de expresi\u00f3n art\u00edstica y celebraci\u00f3n.<\/p>\n<p>A comienzos de este a\u00f1o, el presidente franc\u00e9s Emmanuel Macron pidi\u00f3 que la m\u00fasica electr\u00f3nica francesa, tambi\u00e9n conocida como\u00a0<strong>&#8216;French touch&#8217;<\/strong>, sea\u00a0<strong>reconocida como patrimonio cultural de la UNESCO<\/strong>.<\/p>\n<p><img loading=\"lazy\" decoding=\"async\" class=\"alignnone size-medium wp-image-1585\" src=\"https:\/\/motion.com.ar\/news\/wp-content\/uploads\/2025\/12\/1024x576_cmsv2_b5f38f9b-d2b1-59ac-85c5-e3701be79d91-9587146-300x169.jpg\" alt=\"\" width=\"300\" height=\"169\" srcset=\"https:\/\/motion.com.ar\/news\/wp-content\/uploads\/2025\/12\/1024x576_cmsv2_b5f38f9b-d2b1-59ac-85c5-e3701be79d91-9587146-300x169.jpg 300w, https:\/\/motion.com.ar\/news\/wp-content\/uploads\/2025\/12\/1024x576_cmsv2_b5f38f9b-d2b1-59ac-85c5-e3701be79d91-9587146-768x432.jpg 768w, https:\/\/motion.com.ar\/news\/wp-content\/uploads\/2025\/12\/1024x576_cmsv2_b5f38f9b-d2b1-59ac-85c5-e3701be79d91-9587146-750x422.jpg 750w, https:\/\/motion.com.ar\/news\/wp-content\/uploads\/2025\/12\/1024x576_cmsv2_b5f38f9b-d2b1-59ac-85c5-e3701be79d91-9587146.jpg 1024w\" sizes=\"auto, (max-width: 300px) 100vw, 300px\" \/><\/p>\n","protected":false},"excerpt":{"rendered":"<p>La m\u00fasica electr\u00f3nica entra en la lista francesa de patrimonio cultural inmaterial, primer paso hacia integrar la French Touch en el patrimonio cultural. Tras\u00a0la inclusi\u00f3n del techno de Berl\u00edn en 2023 en la lista alemana de patrimonio inmaterial, la m\u00fasica electr\u00f3nica ha entrado por fin en el Inventario del Patrimonio Cultural Inmaterial de Francia. Supone [&hellip;]<\/p>\n","protected":false},"author":3,"featured_media":1585,"comment_status":"closed","ping_status":"closed","sticky":false,"template":"","format":"standard","meta":{"_jetpack_memberships_contains_paid_content":false,"footnotes":""},"categories":[64,67],"tags":[826,720,822,666,821,824,825,823,104],"class_list":["post-1584","post","type-post","status-publish","format-standard","has-post-thumbnail","hentry","category-musica","category-novedades","tag-cultural","tag-daftpunk","tag-electronicmusic","tag-francia","tag-french","tag-inmaterial","tag-patrimonio","tag-unesco","tag-musica"],"jetpack_featured_media_url":"https:\/\/motion.com.ar\/news\/wp-content\/uploads\/2025\/12\/1024x576_cmsv2_b5f38f9b-d2b1-59ac-85c5-e3701be79d91-9587146.jpg","jetpack_sharing_enabled":true,"_links":{"self":[{"href":"https:\/\/motion.com.ar\/news\/wp-json\/wp\/v2\/posts\/1584","targetHints":{"allow":["GET"]}}],"collection":[{"href":"https:\/\/motion.com.ar\/news\/wp-json\/wp\/v2\/posts"}],"about":[{"href":"https:\/\/motion.com.ar\/news\/wp-json\/wp\/v2\/types\/post"}],"author":[{"embeddable":true,"href":"https:\/\/motion.com.ar\/news\/wp-json\/wp\/v2\/users\/3"}],"replies":[{"embeddable":true,"href":"https:\/\/motion.com.ar\/news\/wp-json\/wp\/v2\/comments?post=1584"}],"version-history":[{"count":1,"href":"https:\/\/motion.com.ar\/news\/wp-json\/wp\/v2\/posts\/1584\/revisions"}],"predecessor-version":[{"id":1586,"href":"https:\/\/motion.com.ar\/news\/wp-json\/wp\/v2\/posts\/1584\/revisions\/1586"}],"wp:featuredmedia":[{"embeddable":true,"href":"https:\/\/motion.com.ar\/news\/wp-json\/wp\/v2\/media\/1585"}],"wp:attachment":[{"href":"https:\/\/motion.com.ar\/news\/wp-json\/wp\/v2\/media?parent=1584"}],"wp:term":[{"taxonomy":"category","embeddable":true,"href":"https:\/\/motion.com.ar\/news\/wp-json\/wp\/v2\/categories?post=1584"},{"taxonomy":"post_tag","embeddable":true,"href":"https:\/\/motion.com.ar\/news\/wp-json\/wp\/v2\/tags?post=1584"}],"curies":[{"name":"wp","href":"https:\/\/api.w.org\/{rel}","templated":true}]}}